{"id":1855,"date":"2025-07-26T04:23:34","date_gmt":"2025-07-26T04:23:34","guid":{"rendered":"https:\/\/akkuokok.de\/blog\/?p=1855"},"modified":"2025-07-26T04:23:34","modified_gmt":"2025-07-26T04:23:34","slug":"yan-junjie-gruender-von-minimax-ki-wird-in-zukunft-integrativer-sein-und-agi-wird-realisiert","status":"publish","type":"post","link":"https:\/\/www.akkuokok.de\/blog\/2025\/07\/26\/yan-junjie-gruender-von-minimax-ki-wird-in-zukunft-integrativer-sein-und-agi-wird-realisiert\/","title":{"rendered":"Yan Junjie, Gr\u00fcnder von MiniMax: KI wird in Zukunft integrativer sein und AGI wird realisiert"},"content":{"rendered":"\n<p>Auf dem Hauptforum der Weltkonferenz f\u00fcr K\u00fcnstliche Intelligenz 2025 erkl\u00e4rte Yan Junjie, Gr\u00fcnder und CEO von MiniMax, dass <strong>KI<\/strong> k\u00fcnftig mit zahlreichen Konkurrenten konfrontiert sein wird. Einerseits werden die Modelle ihre eigenen Charakteristika aufweisen, andererseits wird <strong>KI<\/strong> zunehmend multiagentenbasiert sein, d. h. mit mehreren Modellen und mehreren Tools. Dar\u00fcber hinaus haben im vergangenen Jahr immer mehr Open-Source-Modelle an Einfluss gewonnen und n\u00e4hern sich den F\u00e4higkeiten der besten Closed-Source-Modelle an.<\/p>\n\n\n\n<p>Yan Junjie erkl\u00e4rte: \u201e<strong>KI<\/strong> wird in Zukunft umfassender werden. Da die Gr\u00f6\u00dfe des Modells proportional zur Rechengeschwindigkeit des Chips ist, sind die Kosten f\u00fcr das Training eines einzelnen Modells derzeit nahezu fix, w\u00e4hrend die Kosten f\u00fcr die Inferenz stetig sinken. In den n\u00e4chsten ein bis zwei Jahren d\u00fcrften die Kosten f\u00fcr die Inferenz des besten Modells um ein weiteres Vielfaches sinken. Token werden immer g\u00fcnstiger, aber die Anzahl der Token wird deutlich steigen, was den Bedarf an Rechenleistung weiter steigen l\u00e4sst.\u201c Yan Junjie ist \u00fcberzeugt, dass AGI (allgemeine k\u00fcnstliche Intelligenz) definitiv realisiert wird und der \u00d6ffentlichkeit zugutekommt. IT Home berichtete, dass MiniMax am 17. Juni das weltweit erste Open-Source-Inferenzmodell M1 mit hybrider Architektur im gro\u00dfen Ma\u00dfstab ver\u00f6ffentlichte, dessen Leistung DeepSeek-R1 \u00fcbertrifft. Am 18. Juni ver\u00f6ffentlichte MiniMax das Videogenerierungstool Hailuo 02 und brach damit den weltweiten Kostenrekord f\u00fcr Videomodelleffekte.<\/p>\n\n\n\n<p><strong><a href=\"https:\/\/www.akkuokok.de\/categories\" target=\"_blank\" rel=\"noreferrer noopener\">Preiswert einen neuen Akku, Batterien, Ladeger\u00e4t online kaufen: Der Akkuokok.de mit getesteten Produkten! \u2713 Schnelle Lieferung \u2713 Hohe Qualit\u00e4t \u2713 Sichere Ersatz-Akkus bestellen Sie hier!Jetzt g\u00fcnstig bestellen!<\/a><\/strong><\/p>\n","protected":false},"excerpt":{"rendered":"<p>Auf dem Hauptforum der Weltkonferenz f\u00fcr K\u00fcnstliche Intelligenz 2025 erkl\u00e4rte Yan Junjie, Gr\u00fcnder und CEO von MiniMax, dass KI k\u00fcnftig mit zahlreichen Konkurrenten konfrontiert sein wird. Einerseits werden die Modelle ihre eigenen Charakteristika aufweisen, andererseits wird KI zunehmend multiagentenbasiert sein, d. h. mit mehreren Modellen und mehreren Tools. Dar\u00fcber hinaus haben im vergangenen Jahr immer [&hellip;]<\/p>\n","protected":false},"author":1,"featured_media":0,"comment_status":"open","ping_status":"open","sticky":false,"template":"","format":"standard","meta":{"footnotes":""},"categories":[6],"tags":[],"class_list":["post-1855","post","type-post","status-publish","format-standard","hentry","category-nachricht"],"yoast_head":"<!-- This site is optimized with the Yoast SEO plugin v27.4 - https:\/\/yoast.com\/product\/yoast-seo-wordpress\/ -->\n<title>Yan Junjie, Gr\u00fcnder von MiniMax: KI wird in Zukunft integrativer sein und AGI wird realisiert - Akkus &amp; Ladeger\u00e4te Blog<\/title>\n<meta name=\"robots\" content=\"index, follow, max-snippet:-1, max-image-preview:large, max-video-preview:-1\" \/>\n<link rel=\"canonical\" href=\"https:\/\/www.akkuokok.de\/blog\/2025\/07\/26\/yan-junjie-gruender-von-minimax-ki-wird-in-zukunft-integrativer-sein-und-agi-wird-realisiert\/\" \/>\n<meta property=\"og:locale\" content=\"de_DE\" \/>\n<meta property=\"og:type\" content=\"article\" \/>\n<meta property=\"og:title\" content=\"Yan Junjie, Gr\u00fcnder von MiniMax: KI wird in Zukunft integrativer sein und AGI wird realisiert - Akkus &amp; Ladeger\u00e4te Blog\" \/>\n<meta property=\"og:description\" content=\"Auf dem Hauptforum der Weltkonferenz f\u00fcr K\u00fcnstliche Intelligenz 2025 erkl\u00e4rte Yan Junjie, Gr\u00fcnder und CEO von MiniMax, dass KI k\u00fcnftig mit zahlreichen Konkurrenten konfrontiert sein wird. Einerseits werden die Modelle ihre eigenen Charakteristika aufweisen, andererseits wird KI zunehmend multiagentenbasiert sein, d. h. mit mehreren Modellen und mehreren Tools. Dar\u00fcber hinaus haben im vergangenen Jahr immer [&hellip;]\" \/>\n<meta property=\"og:url\" content=\"https:\/\/www.akkuokok.de\/blog\/2025\/07\/26\/yan-junjie-gruender-von-minimax-ki-wird-in-zukunft-integrativer-sein-und-agi-wird-realisiert\/\" \/>\n<meta property=\"og:site_name\" content=\"Akkus &amp; Ladeger\u00e4te Blog\" \/>\n<meta property=\"article:published_time\" content=\"2025-07-26T04:23:34+00:00\" \/>\n<meta name=\"author\" content=\"admin\" \/>\n<meta name=\"twitter:card\" content=\"summary_large_image\" \/>\n<meta name=\"twitter:label1\" content=\"Verfasst von\" \/>\n\t<meta name=\"twitter:data1\" content=\"admin\" \/>\n\t<meta name=\"twitter:label2\" content=\"Gesch\u00e4tzte Lesezeit\" \/>\n\t<meta name=\"twitter:data2\" content=\"2\u00a0Minuten\" \/>\n<script type=\"application\/ld+json\" class=\"yoast-schema-graph\">{\"@context\":\"https:\\\/\\\/schema.org\",\"@graph\":[{\"@type\":\"Article\",\"@id\":\"https:\\\/\\\/www.akkuokok.de\\\/blog\\\/2025\\\/07\\\/26\\\/yan-junjie-gruender-von-minimax-ki-wird-in-zukunft-integrativer-sein-und-agi-wird-realisiert\\\/#article\",\"isPartOf\":{\"@id\":\"https:\\\/\\\/www.akkuokok.de\\\/blog\\\/2025\\\/07\\\/26\\\/yan-junjie-gruender-von-minimax-ki-wird-in-zukunft-integrativer-sein-und-agi-wird-realisiert\\\/\"},\"author\":{\"name\":\"admin\",\"@id\":\"https:\\\/\\\/www.akkuokok.de\\\/blog\\\/#\\\/schema\\\/person\\\/0e78375375f076b526d126d5e46432b5\"},\"headline\":\"Yan Junjie, Gr\u00fcnder von MiniMax: KI wird in Zukunft integrativer sein und AGI wird realisiert\",\"datePublished\":\"2025-07-26T04:23:34+00:00\",\"mainEntityOfPage\":{\"@id\":\"https:\\\/\\\/www.akkuokok.de\\\/blog\\\/2025\\\/07\\\/26\\\/yan-junjie-gruender-von-minimax-ki-wird-in-zukunft-integrativer-sein-und-agi-wird-realisiert\\\/\"},\"wordCount\":272,\"commentCount\":0,\"articleSection\":[\"Nachricht\"],\"inLanguage\":\"de\",\"potentialAction\":[{\"@type\":\"CommentAction\",\"name\":\"Comment\",\"target\":[\"https:\\\/\\\/www.akkuokok.de\\\/blog\\\/2025\\\/07\\\/26\\\/yan-junjie-gruender-von-minimax-ki-wird-in-zukunft-integrativer-sein-und-agi-wird-realisiert\\\/#respond\"]}]},{\"@type\":\"WebPage\",\"@id\":\"https:\\\/\\\/www.akkuokok.de\\\/blog\\\/2025\\\/07\\\/26\\\/yan-junjie-gruender-von-minimax-ki-wird-in-zukunft-integrativer-sein-und-agi-wird-realisiert\\\/\",\"url\":\"https:\\\/\\\/www.akkuokok.de\\\/blog\\\/2025\\\/07\\\/26\\\/yan-junjie-gruender-von-minimax-ki-wird-in-zukunft-integrativer-sein-und-agi-wird-realisiert\\\/\",\"name\":\"Yan Junjie, Gr\u00fcnder von MiniMax: KI wird in Zukunft integrativer sein und AGI wird realisiert - Akkus &amp; Ladeger\u00e4te Blog\",\"isPartOf\":{\"@id\":\"https:\\\/\\\/www.akkuokok.de\\\/blog\\\/#website\"},\"datePublished\":\"2025-07-26T04:23:34+00:00\",\"author\":{\"@id\":\"https:\\\/\\\/www.akkuokok.de\\\/blog\\\/#\\\/schema\\\/person\\\/0e78375375f076b526d126d5e46432b5\"},\"breadcrumb\":{\"@id\":\"https:\\\/\\\/www.akkuokok.de\\\/blog\\\/2025\\\/07\\\/26\\\/yan-junjie-gruender-von-minimax-ki-wird-in-zukunft-integrativer-sein-und-agi-wird-realisiert\\\/#breadcrumb\"},\"inLanguage\":\"de\",\"potentialAction\":[{\"@type\":\"ReadAction\",\"target\":[\"https:\\\/\\\/www.akkuokok.de\\\/blog\\\/2025\\\/07\\\/26\\\/yan-junjie-gruender-von-minimax-ki-wird-in-zukunft-integrativer-sein-und-agi-wird-realisiert\\\/\"]}]},{\"@type\":\"BreadcrumbList\",\"@id\":\"https:\\\/\\\/www.akkuokok.de\\\/blog\\\/2025\\\/07\\\/26\\\/yan-junjie-gruender-von-minimax-ki-wird-in-zukunft-integrativer-sein-und-agi-wird-realisiert\\\/#breadcrumb\",\"itemListElement\":[{\"@type\":\"ListItem\",\"position\":1,\"name\":\"Home\",\"item\":\"https:\\\/\\\/www.akkuokok.de\\\/blog\\\/\"},{\"@type\":\"ListItem\",\"position\":2,\"name\":\"Yan Junjie, Gr\u00fcnder von MiniMax: KI wird in Zukunft integrativer sein und AGI wird realisiert\"}]},{\"@type\":\"WebSite\",\"@id\":\"https:\\\/\\\/www.akkuokok.de\\\/blog\\\/#website\",\"url\":\"https:\\\/\\\/www.akkuokok.de\\\/blog\\\/\",\"name\":\"Akkus &amp; Ladeger\u00e4te Blog\",\"description\":\"Akkus &amp; Ladeger\u00e4te f\u00fcr Smartphone, Tablet, Werkzeug &amp; Notebook!\",\"potentialAction\":[{\"@type\":\"SearchAction\",\"target\":{\"@type\":\"EntryPoint\",\"urlTemplate\":\"https:\\\/\\\/www.akkuokok.de\\\/blog\\\/?s={search_term_string}\"},\"query-input\":{\"@type\":\"PropertyValueSpecification\",\"valueRequired\":true,\"valueName\":\"search_term_string\"}}],\"inLanguage\":\"de\"},{\"@type\":\"Person\",\"@id\":\"https:\\\/\\\/www.akkuokok.de\\\/blog\\\/#\\\/schema\\\/person\\\/0e78375375f076b526d126d5e46432b5\",\"name\":\"admin\",\"image\":{\"@type\":\"ImageObject\",\"inLanguage\":\"de\",\"@id\":\"https:\\\/\\\/secure.gravatar.com\\\/avatar\\\/7c0644ade7f549321e61eca3fe284692ad929ecca361fd150d7cd3f07cc5b1e9?s=96&d=mm&r=g\",\"url\":\"https:\\\/\\\/secure.gravatar.com\\\/avatar\\\/7c0644ade7f549321e61eca3fe284692ad929ecca361fd150d7cd3f07cc5b1e9?s=96&d=mm&r=g\",\"contentUrl\":\"https:\\\/\\\/secure.gravatar.com\\\/avatar\\\/7c0644ade7f549321e61eca3fe284692ad929ecca361fd150d7cd3f07cc5b1e9?s=96&d=mm&r=g\",\"caption\":\"admin\"},\"sameAs\":[\"https:\\\/\\\/akkuokok.de\\\/blog\"],\"url\":\"https:\\\/\\\/www.akkuokok.de\\\/blog\\\/author\\\/admin\\\/\"}]}<\/script>\n<!-- \/ Yoast SEO plugin. -->","yoast_head_json":{"title":"Yan Junjie, Gr\u00fcnder von MiniMax: KI wird in Zukunft integrativer sein und AGI wird realisiert - Akkus &amp; Ladeger\u00e4te Blog","robots":{"index":"index","follow":"follow","max-snippet":"max-snippet:-1","max-image-preview":"max-image-preview:large","max-video-preview":"max-video-preview:-1"},"canonical":"https:\/\/www.akkuokok.de\/blog\/2025\/07\/26\/yan-junjie-gruender-von-minimax-ki-wird-in-zukunft-integrativer-sein-und-agi-wird-realisiert\/","og_locale":"de_DE","og_type":"article","og_title":"Yan Junjie, Gr\u00fcnder von MiniMax: KI wird in Zukunft integrativer sein und AGI wird realisiert - Akkus &amp; Ladeger\u00e4te Blog","og_description":"Auf dem Hauptforum der Weltkonferenz f\u00fcr K\u00fcnstliche Intelligenz 2025 erkl\u00e4rte Yan Junjie, Gr\u00fcnder und CEO von MiniMax, dass KI k\u00fcnftig mit zahlreichen Konkurrenten konfrontiert sein wird. Einerseits werden die Modelle ihre eigenen Charakteristika aufweisen, andererseits wird KI zunehmend multiagentenbasiert sein, d. h. mit mehreren Modellen und mehreren Tools. Dar\u00fcber hinaus haben im vergangenen Jahr immer [&hellip;]","og_url":"https:\/\/www.akkuokok.de\/blog\/2025\/07\/26\/yan-junjie-gruender-von-minimax-ki-wird-in-zukunft-integrativer-sein-und-agi-wird-realisiert\/","og_site_name":"Akkus &amp; Ladeger\u00e4te Blog","article_published_time":"2025-07-26T04:23:34+00:00","author":"admin","twitter_card":"summary_large_image","twitter_misc":{"Verfasst von":"admin","Gesch\u00e4tzte Lesezeit":"2\u00a0Minuten"},"schema":{"@context":"https:\/\/schema.org","@graph":[{"@type":"Article","@id":"https:\/\/www.akkuokok.de\/blog\/2025\/07\/26\/yan-junjie-gruender-von-minimax-ki-wird-in-zukunft-integrativer-sein-und-agi-wird-realisiert\/#article","isPartOf":{"@id":"https:\/\/www.akkuokok.de\/blog\/2025\/07\/26\/yan-junjie-gruender-von-minimax-ki-wird-in-zukunft-integrativer-sein-und-agi-wird-realisiert\/"},"author":{"name":"admin","@id":"https:\/\/www.akkuokok.de\/blog\/#\/schema\/person\/0e78375375f076b526d126d5e46432b5"},"headline":"Yan Junjie, Gr\u00fcnder von MiniMax: KI wird in Zukunft integrativer sein und AGI wird realisiert","datePublished":"2025-07-26T04:23:34+00:00","mainEntityOfPage":{"@id":"https:\/\/www.akkuokok.de\/blog\/2025\/07\/26\/yan-junjie-gruender-von-minimax-ki-wird-in-zukunft-integrativer-sein-und-agi-wird-realisiert\/"},"wordCount":272,"commentCount":0,"articleSection":["Nachricht"],"inLanguage":"de","potentialAction":[{"@type":"CommentAction","name":"Comment","target":["https:\/\/www.akkuokok.de\/blog\/2025\/07\/26\/yan-junjie-gruender-von-minimax-ki-wird-in-zukunft-integrativer-sein-und-agi-wird-realisiert\/#respond"]}]},{"@type":"WebPage","@id":"https:\/\/www.akkuokok.de\/blog\/2025\/07\/26\/yan-junjie-gruender-von-minimax-ki-wird-in-zukunft-integrativer-sein-und-agi-wird-realisiert\/","url":"https:\/\/www.akkuokok.de\/blog\/2025\/07\/26\/yan-junjie-gruender-von-minimax-ki-wird-in-zukunft-integrativer-sein-und-agi-wird-realisiert\/","name":"Yan Junjie, Gr\u00fcnder von MiniMax: KI wird in Zukunft integrativer sein und AGI wird realisiert - Akkus &amp; Ladeger\u00e4te Blog","isPartOf":{"@id":"https:\/\/www.akkuokok.de\/blog\/#website"},"datePublished":"2025-07-26T04:23:34+00:00","author":{"@id":"https:\/\/www.akkuokok.de\/blog\/#\/schema\/person\/0e78375375f076b526d126d5e46432b5"},"breadcrumb":{"@id":"https:\/\/www.akkuokok.de\/blog\/2025\/07\/26\/yan-junjie-gruender-von-minimax-ki-wird-in-zukunft-integrativer-sein-und-agi-wird-realisiert\/#breadcrumb"},"inLanguage":"de","potentialAction":[{"@type":"ReadAction","target":["https:\/\/www.akkuokok.de\/blog\/2025\/07\/26\/yan-junjie-gruender-von-minimax-ki-wird-in-zukunft-integrativer-sein-und-agi-wird-realisiert\/"]}]},{"@type":"BreadcrumbList","@id":"https:\/\/www.akkuokok.de\/blog\/2025\/07\/26\/yan-junjie-gruender-von-minimax-ki-wird-in-zukunft-integrativer-sein-und-agi-wird-realisiert\/#breadcrumb","itemListElement":[{"@type":"ListItem","position":1,"name":"Home","item":"https:\/\/www.akkuokok.de\/blog\/"},{"@type":"ListItem","position":2,"name":"Yan Junjie, Gr\u00fcnder von MiniMax: KI wird in Zukunft integrativer sein und AGI wird realisiert"}]},{"@type":"WebSite","@id":"https:\/\/www.akkuokok.de\/blog\/#website","url":"https:\/\/www.akkuokok.de\/blog\/","name":"Akkus &amp; Ladeger\u00e4te Blog","description":"Akkus &amp; Ladeger\u00e4te f\u00fcr Smartphone, Tablet, Werkzeug &amp; Notebook!","potentialAction":[{"@type":"SearchAction","target":{"@type":"EntryPoint","urlTemplate":"https:\/\/www.akkuokok.de\/blog\/?s={search_term_string}"},"query-input":{"@type":"PropertyValueSpecification","valueRequired":true,"valueName":"search_term_string"}}],"inLanguage":"de"},{"@type":"Person","@id":"https:\/\/www.akkuokok.de\/blog\/#\/schema\/person\/0e78375375f076b526d126d5e46432b5","name":"admin","image":{"@type":"ImageObject","inLanguage":"de","@id":"https:\/\/secure.gravatar.com\/avatar\/7c0644ade7f549321e61eca3fe284692ad929ecca361fd150d7cd3f07cc5b1e9?s=96&d=mm&r=g","url":"https:\/\/secure.gravatar.com\/avatar\/7c0644ade7f549321e61eca3fe284692ad929ecca361fd150d7cd3f07cc5b1e9?s=96&d=mm&r=g","contentUrl":"https:\/\/secure.gravatar.com\/avatar\/7c0644ade7f549321e61eca3fe284692ad929ecca361fd150d7cd3f07cc5b1e9?s=96&d=mm&r=g","caption":"admin"},"sameAs":["https:\/\/akkuokok.de\/blog"],"url":"https:\/\/www.akkuokok.de\/blog\/author\/admin\/"}]}},"_links":{"self":[{"href":"https:\/\/www.akkuokok.de\/blog\/wp-json\/wp\/v2\/posts\/1855","targetHints":{"allow":["GET"]}}],"collection":[{"href":"https:\/\/www.akkuokok.de\/blog\/wp-json\/wp\/v2\/posts"}],"about":[{"href":"https:\/\/www.akkuokok.de\/blog\/wp-json\/wp\/v2\/types\/post"}],"author":[{"embeddable":true,"href":"https:\/\/www.akkuokok.de\/blog\/wp-json\/wp\/v2\/users\/1"}],"replies":[{"embeddable":true,"href":"https:\/\/www.akkuokok.de\/blog\/wp-json\/wp\/v2\/comments?post=1855"}],"version-history":[{"count":1,"href":"https:\/\/www.akkuokok.de\/blog\/wp-json\/wp\/v2\/posts\/1855\/revisions"}],"predecessor-version":[{"id":1856,"href":"https:\/\/www.akkuokok.de\/blog\/wp-json\/wp\/v2\/posts\/1855\/revisions\/1856"}],"wp:attachment":[{"href":"https:\/\/www.akkuokok.de\/blog\/wp-json\/wp\/v2\/media?parent=1855"}],"wp:term":[{"taxonomy":"category","embeddable":true,"href":"https:\/\/www.akkuokok.de\/blog\/wp-json\/wp\/v2\/categories?post=1855"},{"taxonomy":"post_tag","embeddable":true,"href":"https:\/\/www.akkuokok.de\/blog\/wp-json\/wp\/v2\/tags?post=1855"}],"curies":[{"name":"wp","href":"https:\/\/api.w.org\/{rel}","templated":true}]}}